{"id":12699,"date":"2025-06-21T11:40:17","date_gmt":"2025-06-21T14:40:17","guid":{"rendered":"https:\/\/advocaciamarimon.com.br\/desportivo\/?p=12699"},"modified":"2025-06-21T11:40:20","modified_gmt":"2025-06-21T14:40:20","slug":"formando-campeoes","status":"publish","type":"post","link":"https:\/\/advocaciamarimon.com.br\/desportivo\/formando-campeoes\/","title":{"rendered":"Formando Campe\u00f5es de Dentro para Fora: O impacto humano e estrat\u00e9gico do programa que est\u00e1 transformando o esporte"},"content":{"rendered":"<body>\n<p class=\"\">Em um cen\u00e1rio esportivo cada vez mais exigente e competitivo, torna-se urgente repensar as bases sobre as quais formamos nossos atletas. Quando olhamos com aten\u00e7\u00e3o, percebemos que os desafios enfrentados por jovens talentos v\u00e3o muito al\u00e9m dos treinos, das competi\u00e7\u00f5es e da performance t\u00e9cnica. Eles envolvem sentimentos, inseguran\u00e7as, press\u00f5es invis\u00edveis, escolhas dif\u00edceis e uma necessidade imensa de pertencimento, orienta\u00e7\u00e3o e escuta.<\/p>\n\n\n\n<p class=\"\">Foi com esse olhar ampliado e humano que nasceu o programa \u2013 <strong>Formando Campe\u00f5es de Dentro para Fora<\/strong> \u2013 uma iniciativa que rompe paradigmas tradicionais e prop\u00f5e um novo modelo de desenvolvimento esportivo, centrado n\u00e3o apenas no rendimento, mas na <strong>forma\u00e7\u00e3o integral do ser humano<\/strong>.<\/p>\n\n\n\n<p class=\"\"><strong>Mais que uma ideia: um movimento de transforma\u00e7\u00e3o<\/strong><\/p>\n\n\n\n<p class=\"\">A origem do programa est\u00e1 enraizada em algo genu\u00edno: a <strong>escuta ativa<\/strong>. Ao longo dos anos, em nossas viv\u00eancias junto a clubes, atletas, fam\u00edlias, \u00e1rbitros e treinadores, fomos percebendo sinais que se repetiam: o sil\u00eancio emocional de muitos jovens, o distanciamento de pais sem saber como apoiar, a aus\u00eancia de espa\u00e7os seguros para di\u00e1logo e reflex\u00e3o. E mais grave, um sentimento comum de que o valor do atleta estava vinculado exclusivamente ao seu desempenho t\u00e9cnico.<\/p>\n\n\n\n<p class=\"\">Diante disso, decidimos agir. <strong>O esporte n\u00e3o pode ser um lugar de sofrimento, solid\u00e3o ou desamparo emocional. Ele precisa ser tamb\u00e9m um espa\u00e7o de crescimento humano, constru\u00e7\u00e3o de identidade e fortalecimento de valores.<\/strong> Foi essa convic\u00e7\u00e3o que deu origem ao Formando Campe\u00f5es.<\/p>\n\n\n\n<p class=\"\"><strong>Uma proposta com base, alma e dire\u00e7\u00e3o<\/strong><\/p>\n\n\n\n<p class=\"\">A estrutura do programa est\u00e1 alicer\u00e7ada em tr\u00eas grandes pilares:<\/p>\n\n\n\n<ul class=\"wp-block-list\">\n<li class=\"\"><strong>Palestras tem\u00e1ticas<\/strong>, din\u00e2micas e profundas, com conte\u00fado direcionado ao momento de vida dos participantes;<\/li>\n\n\n\n<li class=\"\"><strong>Rodas de conversa<\/strong>, onde os participantes podem compartilhar suas experi\u00eancias, d\u00favidas e emo\u00e7\u00f5es em um ambiente seguro, leve e respeitoso;<\/li>\n\n\n\n<li class=\"\"><strong>Viv\u00eancias guiadas<\/strong>, que promovem o autoconhecimento, a empatia, a intelig\u00eancia emocional e o senso de prop\u00f3sito.<\/li>\n<\/ul>\n\n\n\n<p class=\"\">A partir desses encontros, tratamos de temas muitas vezes negligenciados, mas absolutamente essenciais para a jornada esportiva e para a vida:<\/p>\n\n\n\n<ul class=\"wp-block-list\">\n<li class=\"\">A import\u00e2ncia da <strong>intelig\u00eancia emocional<\/strong> como ferramenta de equil\u00edbrio em contextos de press\u00e3o;<\/li>\n\n\n\n<li class=\"\">O poder das <strong>decis\u00f5es conscientes<\/strong> e da <strong>autorresponsabilidade<\/strong> na constru\u00e7\u00e3o de uma carreira;<\/li>\n\n\n\n<li class=\"\">A necessidade de <strong>prevenir o abandono escolar<\/strong>, especialmente entre jovens que vivem o dilema entre o sonho de ser atleta e a realidade educacional;<\/li>\n\n\n\n<li class=\"\">A promo\u00e7\u00e3o de uma <strong>educa\u00e7\u00e3o financeira e jur\u00eddica b\u00e1sica<\/strong>, preparando atletas e suas fam\u00edlias para lidar com contratos, negocia\u00e7\u00f5es e planejamento de futuro.<\/li>\n<\/ul>\n\n\n\n<p class=\"\"><strong>Uma jornada coletiva e afetiva<\/strong><\/p>\n\n\n\n<p class=\"\">Um dos grandes diferenciais do programa \u00e9 que ele <strong>n\u00e3o se limita aos atletas<\/strong>. Pelo contr\u00e1rio, ele envolve tamb\u00e9m os <strong>pais, treinadores, dirigentes, radialistas, \u00e1rbitros, educadores e todos os que fazem parte do ecossistema esportivo<\/strong>.<\/p>\n\n\n\n<p class=\"\">Esse envolvimento coletivo cria uma atmosfera \u00fanica de conex\u00e3o e pertencimento. J\u00e1 testemunhamos mudan\u00e7as reais: clubes mais integrados, fam\u00edlias mais pr\u00f3ximas dos sonhos dos filhos, treinadores mais conscientes de seu papel como formadores de car\u00e1ter, e jovens atletas mais seguros, mais calmos e mais confiantes.<\/p>\n\n\n\n<p class=\"\">Cada encontro \u00e9 uma oportunidade de fortalecer v\u00ednculos, ampliar horizontes e, principalmente, <strong>lembrar a todos que o esporte \u00e9 feito por pessoas, com emo\u00e7\u00f5es, hist\u00f3rias e trajet\u00f3rias \u00fanicas.<\/strong><\/p>\n\n\n\n<p class=\"\"><strong>O impacto al\u00e9m dos gramados<\/strong><\/p>\n\n\n\n<p class=\"\">O Formando Campe\u00f5es tem provocado tamb\u00e9m um movimento interno poderoso. Nossa pr\u00f3pria equipe, ao facilitar essas experi\u00eancias, se v\u00ea constantemente ressignificando seu papel. J\u00e1 n\u00e3o somos apenas gestores, assessores ou profissionais da \u00e1rea t\u00e9cnica. Somos, antes de tudo, <strong>cuidadores de futuros<\/strong>, <strong>escutadores atentos de hist\u00f3rias reais<\/strong> e <strong>semeadores de uma cultura de integridade, sensibilidade e vis\u00e3o de longo prazo<\/strong>.<\/p>\n\n\n\n<p class=\"\">Esse programa se conecta de forma direta com outras frentes que desenvolvemos com a mesma inten\u00e7\u00e3o de elevar o esporte a uma experi\u00eancia humana mais consciente e sustent\u00e1vel. Um exemplo \u00e9 o <strong>Building Success<\/strong>, liderado por <strong>Alice Marimon<\/strong>, que atua no campo da intelig\u00eancia emocional e alta performance aplicada a adolescentes. E tamb\u00e9m o <strong>Esporte com Prop\u00f3sito<\/strong>, um projeto novo que est\u00e1 sendo cocriado pelos pr\u00f3prios atletas e que ter\u00e1 como base o protagonismo juvenil e o engajamento social por meio do esporte.<\/p>\n\n\n\n<p class=\"\">Esses programas n\u00e3o competem entre si, <strong>eles se complementam e se entrela\u00e7am<\/strong>. Todos t\u00eam em comum a cren\u00e7a de que <strong>o ser humano vem antes do atleta.<\/strong><\/p>\n\n\n\n<p class=\"\"><strong>Por que isso importa?<\/strong><\/p>\n\n\n\n<p class=\"\">Porque <strong>os talentos mais brilhantes podem se perder se n\u00e3o forem acompanhados com humanidade.<\/strong> Porque uma carreira s\u00f3lida n\u00e3o se sustenta apenas com vit\u00f3rias em campo, mas com estrutura emocional, valores bem definidos e suporte nos momentos dif\u00edceis. Porque cuidar de um atleta \u00e9 olhar al\u00e9m da t\u00e9cnica, \u00e9 enxergar suas dores, suas d\u00favidas, seus medos e tamb\u00e9m os seus sonhos.<\/p>\n\n\n\n<p class=\"\">E porque, no fundo, sabemos que a verdadeira transforma\u00e7\u00e3o no esporte n\u00e3o come\u00e7a na planilha de treinos nem no campo de jogo. <strong>Ela come\u00e7a dentro de cada pessoa. Come\u00e7a quando decidimos cuidar, escutar, ensinar e acompanhar.<\/strong><\/p>\n\n\n\n<p class=\"\"><strong>Formando campe\u00f5es de dentro para fora<\/strong><\/p>\n\n\n\n<p class=\"\">Se queremos um esporte mais justo, mais forte, mais \u00e9tico e mais saud\u00e1vel, temos que come\u00e7ar pela base. E essa base \u00e9 o ser humano.<\/p>\n\n\n\n<p class=\"\">Esse \u00e9 o cora\u00e7\u00e3o do nosso trabalho. Esse \u00e9 o convite que fazemos a todos os que caminham conosco: <strong>vamos juntos formar campe\u00f5es, mas que sejam, antes de tudo, campe\u00f5es de si mesmos.<\/strong><\/p>\n\n\n\n<p class=\"\"><strong>Equipe A. Marimon<\/strong><\/p>\n\n\n\n<p class=\"\">*<strong> Assista a live sobre este assunto do dia 18\/06\/25<\/strong> no perfil oficial da A.Marimon Assessoria Desportiva @amarimondesportivo<\/p>\n\n\n\n<p class=\"\"><strong>facebook.com\/amarimondesportivo<\/strong><\/p>\n\n\n\n<p class=\"\"><\/p>\n<\/body>","protected":false},"excerpt":{"rendered":"<p>Em um cen\u00e1rio esportivo cada vez mais exigente e competitivo, torna-se urgente repensar as bases sobre as quais formamos nossos atletas. Quando olhamos com aten\u00e7\u00e3o, percebemos que os desafios enfrentados por jovens talentos v\u00e3o muito al\u00e9m dos treinos, das competi\u00e7\u00f5es e da performance t\u00e9cnica. Eles envolvem sentimentos, inseguran\u00e7as, press\u00f5es invis\u00edveis, [&hellip;]<\/p>\n","protected":false},"author":2,"featured_media":12700,"comment_status":"closed","ping_status":"closed","sticky":false,"template":"","format":"standard","meta":{"nf_dc_page":"","_themeisle_gutenberg_block_has_review":false,"_jetpack_memberships_contains_paid_content":false,"footnotes":"","jetpack_publicize_message":"","jetpack_publicize_feature_enabled":true,"jetpack_social_post_already_shared":true,"jetpack_social_options":{"image_generator_settings":{"template":"highway","enabled":false},"version":2}},"categories":[22],"tags":[24],"class_list":["post-12699","post","type-post","status-publish","format-standard","has-post-thumbnail","hentry","category-blog","tag-blog"],"jetpack_publicize_connections":[],"jetpack_featured_media_url":"https:\/\/i0.wp.com\/advocaciamarimon.com.br\/desportivo\/wp-content\/uploads\/2025\/06\/Imagem-blog-21.6.png?fit=1080%2C721&ssl=1","jetpack_sharing_enabled":true,"_links":{"self":[{"href":"https:\/\/advocaciamarimon.com.br\/desportivo\/wp-json\/wp\/v2\/posts\/12699","targetHints":{"allow":["GET"]}}],"collection":[{"href":"https:\/\/advocaciamarimon.com.br\/desportivo\/wp-json\/wp\/v2\/posts"}],"about":[{"href":"https:\/\/advocaciamarimon.com.br\/desportivo\/wp-json\/wp\/v2\/types\/post"}],"author":[{"embeddable":true,"href":"https:\/\/advocaciamarimon.com.br\/desportivo\/wp-json\/wp\/v2\/users\/2"}],"replies":[{"embeddable":true,"href":"https:\/\/advocaciamarimon.com.br\/desportivo\/wp-json\/wp\/v2\/comments?post=12699"}],"version-history":[{"count":1,"href":"https:\/\/advocaciamarimon.com.br\/desportivo\/wp-json\/wp\/v2\/posts\/12699\/revisions"}],"predecessor-version":[{"id":12701,"href":"https:\/\/advocaciamarimon.com.br\/desportivo\/wp-json\/wp\/v2\/posts\/12699\/revisions\/12701"}],"wp:featuredmedia":[{"embeddable":true,"href":"https:\/\/advocaciamarimon.com.br\/desportivo\/wp-json\/wp\/v2\/media\/12700"}],"wp:attachment":[{"href":"https:\/\/advocaciamarimon.com.br\/desportivo\/wp-json\/wp\/v2\/media?parent=12699"}],"wp:term":[{"taxonomy":"category","embeddable":true,"href":"https:\/\/advocaciamarimon.com.br\/desportivo\/wp-json\/wp\/v2\/categories?post=12699"},{"taxonomy":"post_tag","embeddable":true,"href":"https:\/\/advocaciamarimon.com.br\/desportivo\/wp-json\/wp\/v2\/tags?post=12699"}],"curies":[{"name":"wp","href":"https:\/\/api.w.org\/{rel}","templated":true}]}}