{"id":12688,"date":"2025-06-14T08:00:00","date_gmt":"2025-06-14T11:00:00","guid":{"rendered":"https:\/\/advocaciamarimon.com.br\/desportivo\/?p=12688"},"modified":"2025-06-13T23:42:31","modified_gmt":"2025-06-14T02:42:31","slug":"coragem-para-mudar","status":"publish","type":"post","link":"https:\/\/advocaciamarimon.com.br\/desportivo\/coragem-para-mudar\/","title":{"rendered":"Coragem para mudar"},"content":{"rendered":"<body>\n<p class=\"\">Muitas vezes ouvimos que devemos mudar ou repensar aspectos sobre n\u00f3s, muitas vezes ap\u00f3s cr\u00edticas, desconforto ou at\u00e9 eventos epif\u00e2nicos. Por\u00e9m, raramente sabemos COMO devemos agir e reagir a tais situa\u00e7\u00f5es para nos transformarmos com excel\u00eancia.<\/p>\n\n\n\n<p class=\"\">Este artigo tem como base relatos do livro \u201cGuia para uma vida feliz e pr\u00f3spera\u201d do Instituto Henrique Amaral, especificamente o cap\u00edtulo \u201cCoragem para mudar, transformando realidades\u201d, e o livro \u201cHist\u00f3rias de Alice: O Reflexo da Sabedoria\u201d. Ambas as obras auxiliam o entendimento te\u00f3rico e pr\u00e1tico no processo de transforma\u00e7\u00e3o pessoal e desenvolvimento psicol\u00f3gico.<\/p>\n\n\n\n<p class=\"\">A teoria da mudan\u00e7a, destacada no \u201cGuia\u201d do Instituto Henrique Amaral, \u00e9 composta por 4 partes: 1. O reconhecimento, 2. A ressignifica\u00e7\u00e3o, 3.A proje\u00e7\u00e3o, e 4. A constante escolha. Todas as partes d\u00e3o dire\u00e7\u00e3o a todos que querem se transformar, por\u00e9m n\u00e3o sabem nem como come\u00e7ar. Este passo a passo difere a cada situa\u00e7\u00e3o e pessoa, mas sua ess\u00eancia \u00e9 o ponto de partida de uma transforma\u00e7\u00e3o psicol\u00f3gica humana.<\/p>\n\n\n\n<p class=\"\"><\/p>\n\n\n\n<p class=\"\"><strong>1.<\/strong> <strong>O reconhecimento<\/strong><\/p>\n\n\n\n<ol class=\"wp-block-list\"><\/ol>\n\n\n\n<ol start=\"1\" class=\"wp-block-list\"><\/ol>\n\n\n\n<p class=\"\">O primeiro sinal que algo est\u00e1 precisando de uma mudan\u00e7a aparece com o sentimento de desconforto. O desconforto pode ser manifestado atrav\u00e9s de rea\u00e7\u00f5es f\u00edsicas, mentais e sensa\u00e7\u00f5es. Semelhante a sintomas psicossom\u00e1ticos, o desconforto pode gerar ansiedade e aparecer no corpo como espinhas por exemplo. O desconforto pode tamb\u00e9m ser o sentimento de algo fora do lugar ou incompleto, que muitas vezes n\u00e3o sabemos o que \u00e9, mas pelo menos sabemos que existe uma aten\u00e7\u00e3o.\u00a0<\/p>\n\n\n\n<p class=\"\">O cap\u00edtulo \u201cCoragem para mudar transformando realidades\u201d diz que \u00e9 preciso \u201cIdentificar a hora que a mudan\u00e7a \u00e9 necess\u00e1ria\u2026\u201d com base no desconforto e aproveitar os momentos epif\u00e2nicos como gatilhos de transforma\u00e7\u00e3o:<\/p>\n\n\n\n<p class=\"\">\u201cMomentos epif\u00e2nicos que instigam transforma\u00e7\u00f5es internas\u2026\u201d Esses momentos de clareza (insights, dores, acontecimentos inesperados) s\u00e3o chamados para o despertar e devem ser levados a s\u00e9rio.<\/p>\n\n\n\n<p class=\"\"><strong>2. A ressignifica\u00e7\u00e3o<\/strong><\/p>\n\n\n\n<p class=\"\">Ap\u00f3s identificar o que est\u00e1 gerando um sentimento incompat\u00edvel com o ideal \u00e9 necess\u00e1rio ter a coragem de se desapegar do passado que est\u00e1 te prendendo \u00e0quele sentimento e isso demanda a sa\u00edda da zona de conforto. Esse passo envolve soltar o que j\u00e1 n\u00e3o serve mais, mesmo que seja confort\u00e1vel. Isso exige desconstruir apegos e aceitar o desconhecido. Este processo pode ser a fase mais turbulenta porque temos que ter determina\u00e7\u00e3o para mergulhar no desconhecido para se \u201d\u2026desapegar da materialidade que te prende\u2026\u201d e sair da zona de conforto percebida. \u00c9 preciso \u201c\u2026reescrever essas hist\u00f3rias internas\u2026\u201d que est\u00e3o nos prendendo ao passado para dar espa\u00e7o para o que vier no futuro. Aqui est\u00e1 o trabalho emocional e psicol\u00f3gico mais profundo: entender os porqu\u00eas do passado para n\u00e3o viver preso a ele.<\/p>\n\n\n\n<p class=\"\"><strong>3. A Proje\u00e7\u00e3o\u00a0<\/strong><\/p>\n\n\n\n<p class=\"\">Ao se desapegar do que te prende, um espa\u00e7o se abre para o que realmente queremos. A pergunta \u00e9: o que voc\u00ea quer? Muitas vezes esta pergunta \u00e9 dif\u00edcil de responder, ent\u00e3o definir um prop\u00f3sito claro \u00e9 necess\u00e1rio para mover para frente: \u201d\u2026ao ter um prop\u00f3sito claro e definido, qualquer obst\u00e1culo que aparentava ser um le\u00e3o se torna um gatinho\u2026\u201d.<\/p>\n\n\n\n<p class=\"\">A mudan\u00e7a precisa de dire\u00e7\u00e3o. Ter um \u201cporqu\u00ea\u201d forte d\u00e1 sentido ao processo e sustenta o caminho mesmo nos momentos dif\u00edceis. Em sua ess\u00eancia devemos mergulhar no autoconhecimento, sendo ele a \u201cpedra angular\u2026\u201d. Conhecer-se \u00e9 a base da mudan\u00e7a duradoura. Quanto mais voc\u00ea se entende, mais pode agir com coer\u00eancia e liberdade e descobrir com o que voc\u00ea vai querer alimentar o espa\u00e7o agora dispon\u00edvel.\u00a0<\/p>\n\n\n\n<p class=\"\"><strong>4. A constante Escolha<\/strong><\/p>\n\n\n\n<p class=\"\">Para termos resultados novos precisamos escolher e adotar uma postura ativa diante da vida. Neste passo devemos tirar as ideias do papel e enfrentar as zonas tortuosas da mente com a\u00e7\u00e3o. Agir com consist\u00eancia, mesmo que em \u201cpequenos passos di\u00e1rios\u201d, gera grandes resultados. A transforma\u00e7\u00e3o n\u00e3o vem com um grande salto, mas com decis\u00f5es conscientes repetidas com inten\u00e7\u00e3o. Situa\u00e7\u00f5es ir\u00e3o vir para lembrar voc\u00ea de como era o passado e desafiar os novos pensamentos. Estes testes ir\u00e3o ser superados se constantemente escolher o prop\u00f3sito e a mudan\u00e7a.\u00a0<\/p>\n\n\n\n<p class=\"\">O livro \u201cHist\u00f3rias de Alice: O reflexo da sabedoria\u201d destaca situa\u00e7\u00f5es em que geraram sentimentos de desconforto e frustra\u00e7\u00e3o que precisam de ressignifica\u00e7\u00f5es para a transforma\u00e7\u00e3o interior. Como visto no livro, este processo n\u00e3o depende de outras pessoas e dos pensamentos delas, \u00e9 uma jornada completamente \u00fanica e pessoal. Algumas situa\u00e7\u00f5es que geram ang\u00fastias, principalmente em adolescentes seguem este padr\u00e3o:<\/p>\n\n\n\n<ul class=\"wp-block-list\">\n<li class=\"\"><strong>Sentir-se deslocado em um novo ambiente<\/strong><\/li>\n<\/ul>\n\n\n\n<ol start=\"1\" class=\"wp-block-list\">\n<li class=\"\">Reconhecimento: Perceber-se como \u201cdiferente demais\u201d, \u201cintenso demais\u201d, \u201cestranho demais\u201d. Em um ambiente novo, onde c\u00f3digos sociais e culturais s\u00e3o distintos, o desconforto se instala:<\/li>\n<\/ol>\n\n\n\n<p class=\"\">\u201c\u2026estava em queda livre dentro de um po\u00e7o sem fim\u2026 n\u00e3o \u00e9 exagero de adolescente, \u00e9 exatamente como eu estava me sentindo.\u201d<\/p>\n\n\n\n<p class=\"\">E ent\u00e3o, a mente come\u00e7a a questionar: \u201cSer\u00e1 que sou o problema?\u201d<\/p>\n\n\n\n<ol start=\"2\" class=\"wp-block-list\">\n<li class=\"\">Ressignifica\u00e7\u00e3o: Vem o impulso de moldar-se, calar sua voz interior para caber onde, claramente, n\u00e3o h\u00e1 espa\u00e7o para sua autenticidade: \u201cComecei a me moldar para me adequar\u2026 deixando de ser quem eu realmente era.\u201d Mas logo surge a dor silenciosa de estar rodeado de pessoas e ainda assim se sentir invis\u00edvel. \u00c9 preciso romper com a ilus\u00e3o de pertencimento autom\u00e1tico, e abandonar a necessidade de aceita\u00e7\u00e3o a qualquer custo.<\/li>\n<\/ol>\n\n\n\n<ol start=\"3\" class=\"wp-block-list\">\n<li class=\"\">Proje\u00e7\u00e3o: A solid\u00e3o, apesar de doer, revela um espa\u00e7o f\u00e9rtil: o vazio te convida a escutar a si mesmo com mais verdade. Nasce o desejo de preservar a ess\u00eancia e encontrar uma forma honesta de conex\u00e3o com o mundo, mas n\u00e3o para ser inclu\u00eddo, e sim para ser inteiro. No livro a personagem projetou em sua vida uma mulher forte e \u00fanica. Abriu espa\u00e7o para processar as emo\u00e7\u00f5es sem julg\u00e1-las. Ao inv\u00e9s de esconder a dor, voc\u00ea a transforma em movimento consciente.<\/li>\n<\/ol>\n\n\n\n<ol start=\"4\" class=\"wp-block-list\">\n<li class=\"\">Escolha: Aqui voc\u00ea escolhe entender que ser um outlier n\u00e3o \u00e9 um defeito, mas uma for\u00e7a rara. a escolha de aprender a equilibrar o respeito pelo outro com a fidelidade a si, muda perspectivas e tr\u00e1s paz. A escolha de autoconhecimento faz com que descubramos que estar fora da curva \u00e9, muitas vezes, o ponto de partida para tra\u00e7ar seu pr\u00f3prio caminho.\u00a0 \u201cFoi preciso n\u00f3s nos afastarmos para que eu pudesse saber o que \u00e9 solid\u00e3o e poder ter o amadurecimento necess\u00e1rio\u2026\u201d: a chuva \u00e9 o que alimenta as flores para elas crescerem.<\/li>\n<\/ol>\n\n\n\n<ul class=\"wp-block-list\">\n<li class=\"\"><strong>Rela\u00e7\u00e3o amorosa como fuga<\/strong><\/li>\n<\/ul>\n\n\n\n<ol start=\"1\" class=\"wp-block-list\">\n<li class=\"\">Reconhecimento: \u201c\u2026no intuito de me encaixar\u2026 escolhi ter uma pessoa para namorar para meio que me esconder atr\u00e1s daquela pessoa.\u201d Muitas vezes usamos outras pessoas como um ponto de conforto e esquecemos que estamos nos camuflando na ideia que criamos do relacionamento. Reconhecer e aceitar isso em um relacionamento pode ser doloroso porque muitas mem\u00f3rias s\u00e3o criadas, aquelas que nos confortam. Por\u00e9m, chega o momento que o sof\u00e1 mais confort\u00e1vel come\u00e7a a doer as costas se a gente n\u00e3o levantar.<\/li>\n\n\n\n<li class=\"\">Ressignifica\u00e7\u00e3o: Abandonar a ilus\u00e3o de que o relacionamento traria valida\u00e7\u00e3o externa. Condicionamos nosso bem-estar na presen\u00e7a de outra pessoa e o processo de desapegar requer muita coragem e for\u00e7a. Compreender que n\u00f3s somos donos de nossas percep\u00e7\u00f5es nos ajuda a se desapegar da ilus\u00e3o e abrir os olhos para a realidade.<\/li>\n\n\n\n<li class=\"\">Proje\u00e7\u00e3o: \u201c\u2026a \u00fanica pessoa que nos conhece realmente \u00e9 n\u00f3s mesmos.\u201d No momento em que prestarmos aten\u00e7\u00e3o ao nosso eu interior e seus quereres, entramos no processo do autoconhecimento. Quando nos conhecemos fica muito mais f\u00e1cil a proje\u00e7\u00e3o do que voc\u00ea realmente quer.<\/li>\n\n\n\n<li class=\"\">Escolha: A escolha de aceitar que existe um fim do que parecia ser uma coisa incr\u00edvel \u00e9 o passo final. Se escolher todos os dias traz resultados impressionantes. \u201c\u2026foi somente por todo esse caminho que eu pude chegar at\u00e9 aqui, e desfrutar de mais um momento de gl\u00f3ria.\u201d<\/li>\n<\/ol>\n\n\n\n<p class=\"\">Em conclus\u00e3o, o uso da teoria na pr\u00e1tica torna a jornada da mudan\u00e7a mais tranquila. Independente da situa\u00e7\u00e3o, podemos identificar estes passos para responder a pergunta que nunca nos calar \u201ccomo que eu vou fazer isso?\u201d. Bom, aqui est\u00e1 a resposta pr\u00e1tica, mas a verdadeira resposta se encontra dentro de cada um de n\u00f3s, basta n\u00f3s querermos enxergar. A coragem \u00e9 a chave do sucesso.<\/p>\n\n\n\n<p class=\"\"><\/p>\n\n\n\n<p class=\"\">*<strong> Assista a live sobre este assunto do dia 11\/06\/25<\/strong> no perfil oficial da A.Marimon Assessoria Desportiva @amarimondesportivo<\/p>\n\n\n\n<p class=\"\"><strong>facebook.com\/amarimondesportivo<\/strong><\/p>\n\n\n\n<p class=\"\"><\/p>\n<\/body>","protected":false},"excerpt":{"rendered":"<p>Muitas vezes ouvimos que devemos mudar ou repensar aspectos sobre n\u00f3s, muitas vezes ap\u00f3s cr\u00edticas, desconforto ou at\u00e9 eventos epif\u00e2nicos. Por\u00e9m, raramente sabemos COMO devemos agir e reagir a tais situa\u00e7\u00f5es para nos transformarmos com excel\u00eancia. Este artigo tem como base relatos do livro \u201cGuia para uma vida feliz e [&hellip;]<\/p>\n","protected":false},"author":2,"featured_media":12689,"comment_status":"closed","ping_status":"closed","sticky":false,"template":"","format":"standard","meta":{"nf_dc_page":"","_themeisle_gutenberg_block_has_review":false,"_jetpack_memberships_contains_paid_content":false,"footnotes":"","jetpack_publicize_message":"","jetpack_publicize_feature_enabled":true,"jetpack_social_post_already_shared":true,"jetpack_social_options":{"image_generator_settings":{"template":"highway","enabled":false},"version":2}},"categories":[22],"tags":[24],"class_list":["post-12688","post","type-post","status-publish","format-standard","has-post-thumbnail","hentry","category-blog","tag-blog"],"jetpack_publicize_connections":[],"jetpack_featured_media_url":"https:\/\/i0.wp.com\/advocaciamarimon.com.br\/desportivo\/wp-content\/uploads\/2025\/06\/Imagem-blog-14.6.png?fit=1080%2C721&ssl=1","jetpack_sharing_enabled":true,"_links":{"self":[{"href":"https:\/\/advocaciamarimon.com.br\/desportivo\/wp-json\/wp\/v2\/posts\/12688","targetHints":{"allow":["GET"]}}],"collection":[{"href":"https:\/\/advocaciamarimon.com.br\/desportivo\/wp-json\/wp\/v2\/posts"}],"about":[{"href":"https:\/\/advocaciamarimon.com.br\/desportivo\/wp-json\/wp\/v2\/types\/post"}],"author":[{"embeddable":true,"href":"https:\/\/advocaciamarimon.com.br\/desportivo\/wp-json\/wp\/v2\/users\/2"}],"replies":[{"embeddable":true,"href":"https:\/\/advocaciamarimon.com.br\/desportivo\/wp-json\/wp\/v2\/comments?post=12688"}],"version-history":[{"count":1,"href":"https:\/\/advocaciamarimon.com.br\/desportivo\/wp-json\/wp\/v2\/posts\/12688\/revisions"}],"predecessor-version":[{"id":12690,"href":"https:\/\/advocaciamarimon.com.br\/desportivo\/wp-json\/wp\/v2\/posts\/12688\/revisions\/12690"}],"wp:featuredmedia":[{"embeddable":true,"href":"https:\/\/advocaciamarimon.com.br\/desportivo\/wp-json\/wp\/v2\/media\/12689"}],"wp:attachment":[{"href":"https:\/\/advocaciamarimon.com.br\/desportivo\/wp-json\/wp\/v2\/media?parent=12688"}],"wp:term":[{"taxonomy":"category","embeddable":true,"href":"https:\/\/advocaciamarimon.com.br\/desportivo\/wp-json\/wp\/v2\/categories?post=12688"},{"taxonomy":"post_tag","embeddable":true,"href":"https:\/\/advocaciamarimon.com.br\/desportivo\/wp-json\/wp\/v2\/tags?post=12688"}],"curies":[{"name":"wp","href":"https:\/\/api.w.org\/{rel}","templated":true}]}}